{"id":1226,"date":"2017-09-01T00:03:03","date_gmt":"2017-09-01T00:03:03","guid":{"rendered":"http:\/\/jg-dortmund.de\/?p=1226"},"modified":"2022-01-14T15:38:48","modified_gmt":"2022-01-14T14:38:48","slug":"hebraeisch-kurse","status":"publish","type":"post","link":"https:\/\/jg-dortmund.de\/ru\/hebraeisch-kurse","title":{"rendered":"\u041a\u0443\u0440\u0441\u044b \u0438\u0432\u0440\u0438\u0442\u0430"},"content":{"rendered":"<p><img loading=\"lazy\" decoding=\"async\" src=\"https:\/\/jg-dortmund.de\/wp-content\/uploads\/2017\/09\/hebraeisch-1.jpg\" alt=\"\" width=\"595\" height=\"842\" class=\"alignright size-full wp-image-2782\" srcset=\"https:\/\/jg-dortmund.de\/wp-content\/uploads\/2017\/09\/hebraeisch-1.jpg 595w, https:\/\/jg-dortmund.de\/wp-content\/uploads\/2017\/09\/hebraeisch-1-300x425.jpg 300w\" sizes=\"auto, (max-width: 595px) 100vw, 595px\" \/><\/p>\n","protected":false},"excerpt":{"rendered":"","protected":false},"author":1,"featured_media":2294,"comment_status":"closed","ping_status":"closed","sticky":false,"template":"","format":"standard","meta":{"ngg_post_thumbnail":0,"footnotes":""},"categories":[83],"tags":[],"class_list":["post-1226","post","type-post","status-publish","format-standard","has-post-thumbnail","hentry","category-gemeinde"],"yoast_head":"<!-- This site is optimized with the Yoast SEO plugin v27.4 - https:\/\/yoast.com\/product\/yoast-seo-wordpress\/ -->\n<title>\u041a\u0443\u0440\u0441\u044b \u0438\u0432\u0440\u0438\u0442\u0430 - JKGD<\/title>\n<meta name=\"robots\" content=\"index, follow, max-snippet:-1, max-image-preview:large, max-video-preview:-1\" \/>\n<link rel=\"canonical\" href=\"https:\/\/jg-dortmund.de\/de\/hebraeisch-kurse\" \/>\n<meta property=\"og:locale\" content=\"ru_RU\" \/>\n<meta property=\"og:type\" content=\"article\" \/>\n<meta property=\"og:title\" content=\"[:de]Hebr\u00e4isch Kurse[:ru]\u041a\u0443\u0440\u0441\u044b \u0438\u0432\u0440\u0438\u0442\u0430[:] - JKGD\" \/>\n<meta property=\"og:url\" content=\"https:\/\/jg-dortmund.de\/de\/hebraeisch-kurse\" \/>\n<meta property=\"og:site_name\" content=\"JKGD\" \/>\n<meta property=\"article:published_time\" content=\"2017-09-01T00:03:03+00:00\" \/>\n<meta property=\"article:modified_time\" content=\"2022-01-14T14:38:48+00:00\" \/>\n<meta property=\"og:image\" content=\"https:\/\/jg-dortmund.de\/wp-content\/uploads\/2017\/09\/HebraeischKurse-1.jpg\" \/>\n\t<meta property=\"og:image:width\" content=\"1125\" \/>\n\t<meta property=\"og:image:height\" content=\"888\" \/>\n\t<meta property=\"og:image:type\" content=\"image\/jpeg\" \/>\n<meta name=\"author\" content=\"admin\" \/>\n<meta name=\"twitter:card\" content=\"summary_large_image\" \/>\n<meta name=\"twitter:label1\" content=\"\u041d\u0430\u043f\u0438\u0441\u0430\u043d\u043e \u0430\u0432\u0442\u043e\u0440\u043e\u043c\" \/>\n\t<meta name=\"twitter:data1\" content=\"admin\" \/>\n<script type=\"application\/ld+json\" class=\"yoast-schema-graph\">{\"@context\":\"https:\\\/\\\/schema.org\",\"@graph\":[{\"@type\":\"Article\",\"@id\":\"https:\\\/\\\/jg-dortmund.de\\\/de\\\/hebraeisch-kurse#article\",\"isPartOf\":{\"@id\":\"https:\\\/\\\/jg-dortmund.de\\\/de\\\/hebraeisch-kurse\"},\"author\":{\"name\":\"admin\",\"@id\":\"https:\\\/\\\/jg-dortmund.de\\\/de\\\/#\\\/schema\\\/person\\\/c65f1ea80788350548f0d279e0ac207f\"},\"headline\":\"\u041a\u0443\u0440\u0441\u044b \u0438\u0432\u0440\u0438\u0442\u0430\",\"datePublished\":\"2017-09-01T00:03:03+00:00\",\"dateModified\":\"2022-01-14T14:38:48+00:00\",\"mainEntityOfPage\":{\"@id\":\"https:\\\/\\\/jg-dortmund.de\\\/de\\\/hebraeisch-kurse\"},\"wordCount\":7,\"publisher\":{\"@id\":\"https:\\\/\\\/jg-dortmund.de\\\/de\\\/#organization\"},\"image\":{\"@id\":\"https:\\\/\\\/jg-dortmund.de\\\/de\\\/hebraeisch-kurse#primaryimage\"},\"thumbnailUrl\":\"https:\\\/\\\/jg-dortmund.de\\\/wp-content\\\/uploads\\\/2017\\\/09\\\/HebraeischKurse-1.jpg\",\"articleSection\":[\"\u041e\u0431\u0449\u0438\u043d\u0430\"],\"inLanguage\":\"ru-RU\"},{\"@type\":\"WebPage\",\"@id\":\"https:\\\/\\\/jg-dortmund.de\\\/de\\\/hebraeisch-kurse\",\"url\":\"https:\\\/\\\/jg-dortmund.de\\\/de\\\/hebraeisch-kurse\",\"name\":\"[:de]Hebr\u00e4isch Kurse[:ru]\u041a\u0443\u0440\u0441\u044b \u0438\u0432\u0440\u0438\u0442\u0430[:] - JKGD\",\"isPartOf\":{\"@id\":\"https:\\\/\\\/jg-dortmund.de\\\/de\\\/#website\"},\"primaryImageOfPage\":{\"@id\":\"https:\\\/\\\/jg-dortmund.de\\\/de\\\/hebraeisch-kurse#primaryimage\"},\"image\":{\"@id\":\"https:\\\/\\\/jg-dortmund.de\\\/de\\\/hebraeisch-kurse#primaryimage\"},\"thumbnailUrl\":\"https:\\\/\\\/jg-dortmund.de\\\/wp-content\\\/uploads\\\/2017\\\/09\\\/HebraeischKurse-1.jpg\",\"datePublished\":\"2017-09-01T00:03:03+00:00\",\"dateModified\":\"2022-01-14T14:38:48+00:00\",\"breadcrumb\":{\"@id\":\"https:\\\/\\\/jg-dortmund.de\\\/de\\\/hebraeisch-kurse#breadcrumb\"},\"inLanguage\":\"ru-RU\",\"potentialAction\":[{\"@type\":\"ReadAction\",\"target\":[\"https:\\\/\\\/jg-dortmund.de\\\/de\\\/hebraeisch-kurse\"]}]},{\"@type\":\"ImageObject\",\"inLanguage\":\"ru-RU\",\"@id\":\"https:\\\/\\\/jg-dortmund.de\\\/de\\\/hebraeisch-kurse#primaryimage\",\"url\":\"https:\\\/\\\/jg-dortmund.de\\\/wp-content\\\/uploads\\\/2017\\\/09\\\/HebraeischKurse-1.jpg\",\"contentUrl\":\"https:\\\/\\\/jg-dortmund.de\\\/wp-content\\\/uploads\\\/2017\\\/09\\\/HebraeischKurse-1.jpg\",\"width\":1125,\"height\":888},{\"@type\":\"BreadcrumbList\",\"@id\":\"https:\\\/\\\/jg-dortmund.de\\\/de\\\/hebraeisch-kurse#breadcrumb\",\"itemListElement\":[{\"@type\":\"ListItem\",\"position\":1,\"name\":\"Startseite\",\"item\":\"https:\\\/\\\/jg-dortmund.de\\\/\"},{\"@type\":\"ListItem\",\"position\":2,\"name\":\"Hebr\u00e4isch Kurse\"}]},{\"@type\":\"WebSite\",\"@id\":\"https:\\\/\\\/jg-dortmund.de\\\/de\\\/#website\",\"url\":\"https:\\\/\\\/jg-dortmund.de\\\/de\\\/\",\"name\":\"JKGD\",\"description\":\"J\u00fcdische Kultusgemeinde Gro\u00df-Dortmund K.d.\u00f6.R\",\"publisher\":{\"@id\":\"https:\\\/\\\/jg-dortmund.de\\\/de\\\/#organization\"},\"potentialAction\":[{\"@type\":\"SearchAction\",\"target\":{\"@type\":\"EntryPoint\",\"urlTemplate\":\"https:\\\/\\\/jg-dortmund.de\\\/de\\\/?s={search_term_string}\"},\"query-input\":{\"@type\":\"PropertyValueSpecification\",\"valueRequired\":true,\"valueName\":\"search_term_string\"}}],\"inLanguage\":\"ru-RU\"},{\"@type\":\"Organization\",\"@id\":\"https:\\\/\\\/jg-dortmund.de\\\/de\\\/#organization\",\"name\":\"JKGD\",\"url\":\"https:\\\/\\\/jg-dortmund.de\\\/de\\\/\",\"logo\":{\"@type\":\"ImageObject\",\"inLanguage\":\"ru-RU\",\"@id\":\"https:\\\/\\\/jg-dortmund.de\\\/de\\\/#\\\/schema\\\/logo\\\/image\\\/\",\"url\":\"\",\"contentUrl\":\"\",\"caption\":\"JKGD\"},\"image\":{\"@id\":\"https:\\\/\\\/jg-dortmund.de\\\/de\\\/#\\\/schema\\\/logo\\\/image\\\/\"}},{\"@type\":\"Person\",\"@id\":\"https:\\\/\\\/jg-dortmund.de\\\/de\\\/#\\\/schema\\\/person\\\/c65f1ea80788350548f0d279e0ac207f\",\"name\":\"admin\",\"image\":{\"@type\":\"ImageObject\",\"inLanguage\":\"ru-RU\",\"@id\":\"https:\\\/\\\/secure.gravatar.com\\\/avatar\\\/6838aef6c938aac15a0240a18da2610e5889bf61c4c6dc2e415767708ce3be4e?s=96&d=mm&r=g\",\"url\":\"https:\\\/\\\/secure.gravatar.com\\\/avatar\\\/6838aef6c938aac15a0240a18da2610e5889bf61c4c6dc2e415767708ce3be4e?s=96&d=mm&r=g\",\"contentUrl\":\"https:\\\/\\\/secure.gravatar.com\\\/avatar\\\/6838aef6c938aac15a0240a18da2610e5889bf61c4c6dc2e415767708ce3be4e?s=96&d=mm&r=g\",\"caption\":\"admin\"},\"url\":\"https:\\\/\\\/jg-dortmund.de\\\/ru\\\/author\\\/admin\"}]}<\/script>\n<!-- \/ Yoast SEO plugin. -->","yoast_head_json":{"title":"[:de]Hebr\u00e4isch Kurse[:ru]\u041a\u0443\u0440\u0441\u044b \u0438\u0432\u0440\u0438\u0442\u0430[:] - JKGD","robots":{"index":"index","follow":"follow","max-snippet":"max-snippet:-1","max-image-preview":"max-image-preview:large","max-video-preview":"max-video-preview:-1"},"canonical":"https:\/\/jg-dortmund.de\/de\/hebraeisch-kurse","og_locale":"ru_RU","og_type":"article","og_title":"[:de]Hebr\u00e4isch Kurse[:ru]\u041a\u0443\u0440\u0441\u044b \u0438\u0432\u0440\u0438\u0442\u0430[:] - JKGD","og_url":"https:\/\/jg-dortmund.de\/de\/hebraeisch-kurse","og_site_name":"JKGD","article_published_time":"2017-09-01T00:03:03+00:00","article_modified_time":"2022-01-14T14:38:48+00:00","og_image":[{"width":1125,"height":888,"url":"https:\/\/jg-dortmund.de\/wp-content\/uploads\/2017\/09\/HebraeischKurse-1.jpg","type":"image\/jpeg"}],"author":"admin","twitter_card":"summary_large_image","twitter_misc":{"\u041d\u0430\u043f\u0438\u0441\u0430\u043d\u043e \u0430\u0432\u0442\u043e\u0440\u043e\u043c":"admin"},"schema":{"@context":"https:\/\/schema.org","@graph":[{"@type":"Article","@id":"https:\/\/jg-dortmund.de\/de\/hebraeisch-kurse#article","isPartOf":{"@id":"https:\/\/jg-dortmund.de\/de\/hebraeisch-kurse"},"author":{"name":"admin","@id":"https:\/\/jg-dortmund.de\/de\/#\/schema\/person\/c65f1ea80788350548f0d279e0ac207f"},"headline":"\u041a\u0443\u0440\u0441\u044b \u0438\u0432\u0440\u0438\u0442\u0430","datePublished":"2017-09-01T00:03:03+00:00","dateModified":"2022-01-14T14:38:48+00:00","mainEntityOfPage":{"@id":"https:\/\/jg-dortmund.de\/de\/hebraeisch-kurse"},"wordCount":7,"publisher":{"@id":"https:\/\/jg-dortmund.de\/de\/#organization"},"image":{"@id":"https:\/\/jg-dortmund.de\/de\/hebraeisch-kurse#primaryimage"},"thumbnailUrl":"https:\/\/jg-dortmund.de\/wp-content\/uploads\/2017\/09\/HebraeischKurse-1.jpg","articleSection":["\u041e\u0431\u0449\u0438\u043d\u0430"],"inLanguage":"ru-RU"},{"@type":"WebPage","@id":"https:\/\/jg-dortmund.de\/de\/hebraeisch-kurse","url":"https:\/\/jg-dortmund.de\/de\/hebraeisch-kurse","name":"[:de]Hebr\u00e4isch Kurse[:ru]\u041a\u0443\u0440\u0441\u044b \u0438\u0432\u0440\u0438\u0442\u0430[:] - JKGD","isPartOf":{"@id":"https:\/\/jg-dortmund.de\/de\/#website"},"primaryImageOfPage":{"@id":"https:\/\/jg-dortmund.de\/de\/hebraeisch-kurse#primaryimage"},"image":{"@id":"https:\/\/jg-dortmund.de\/de\/hebraeisch-kurse#primaryimage"},"thumbnailUrl":"https:\/\/jg-dortmund.de\/wp-content\/uploads\/2017\/09\/HebraeischKurse-1.jpg","datePublished":"2017-09-01T00:03:03+00:00","dateModified":"2022-01-14T14:38:48+00:00","breadcrumb":{"@id":"https:\/\/jg-dortmund.de\/de\/hebraeisch-kurse#breadcrumb"},"inLanguage":"ru-RU","potentialAction":[{"@type":"ReadAction","target":["https:\/\/jg-dortmund.de\/de\/hebraeisch-kurse"]}]},{"@type":"ImageObject","inLanguage":"ru-RU","@id":"https:\/\/jg-dortmund.de\/de\/hebraeisch-kurse#primaryimage","url":"https:\/\/jg-dortmund.de\/wp-content\/uploads\/2017\/09\/HebraeischKurse-1.jpg","contentUrl":"https:\/\/jg-dortmund.de\/wp-content\/uploads\/2017\/09\/HebraeischKurse-1.jpg","width":1125,"height":888},{"@type":"BreadcrumbList","@id":"https:\/\/jg-dortmund.de\/de\/hebraeisch-kurse#breadcrumb","itemListElement":[{"@type":"ListItem","position":1,"name":"Startseite","item":"https:\/\/jg-dortmund.de\/"},{"@type":"ListItem","position":2,"name":"Hebr\u00e4isch Kurse"}]},{"@type":"WebSite","@id":"https:\/\/jg-dortmund.de\/de\/#website","url":"https:\/\/jg-dortmund.de\/de\/","name":"JKGD","description":"J\u00fcdische Kultusgemeinde Gro\u00df-Dortmund K.d.\u00f6.R","publisher":{"@id":"https:\/\/jg-dortmund.de\/de\/#organization"},"potentialAction":[{"@type":"SearchAction","target":{"@type":"EntryPoint","urlTemplate":"https:\/\/jg-dortmund.de\/de\/?s={search_term_string}"},"query-input":{"@type":"PropertyValueSpecification","valueRequired":true,"valueName":"search_term_string"}}],"inLanguage":"ru-RU"},{"@type":"Organization","@id":"https:\/\/jg-dortmund.de\/de\/#organization","name":"JKGD","url":"https:\/\/jg-dortmund.de\/de\/","logo":{"@type":"ImageObject","inLanguage":"ru-RU","@id":"https:\/\/jg-dortmund.de\/de\/#\/schema\/logo\/image\/","url":"","contentUrl":"","caption":"JKGD"},"image":{"@id":"https:\/\/jg-dortmund.de\/de\/#\/schema\/logo\/image\/"}},{"@type":"Person","@id":"https:\/\/jg-dortmund.de\/de\/#\/schema\/person\/c65f1ea80788350548f0d279e0ac207f","name":"admin","image":{"@type":"ImageObject","inLanguage":"ru-RU","@id":"https:\/\/secure.gravatar.com\/avatar\/6838aef6c938aac15a0240a18da2610e5889bf61c4c6dc2e415767708ce3be4e?s=96&d=mm&r=g","url":"https:\/\/secure.gravatar.com\/avatar\/6838aef6c938aac15a0240a18da2610e5889bf61c4c6dc2e415767708ce3be4e?s=96&d=mm&r=g","contentUrl":"https:\/\/secure.gravatar.com\/avatar\/6838aef6c938aac15a0240a18da2610e5889bf61c4c6dc2e415767708ce3be4e?s=96&d=mm&r=g","caption":"admin"},"url":"https:\/\/jg-dortmund.de\/ru\/author\/admin"}]}},"_links":{"self":[{"href":"https:\/\/jg-dortmund.de\/ru\/wp-json\/wp\/v2\/posts\/1226","targetHints":{"allow":["GET"]}}],"collection":[{"href":"https:\/\/jg-dortmund.de\/ru\/wp-json\/wp\/v2\/posts"}],"about":[{"href":"https:\/\/jg-dortmund.de\/ru\/wp-json\/wp\/v2\/types\/post"}],"author":[{"embeddable":true,"href":"https:\/\/jg-dortmund.de\/ru\/wp-json\/wp\/v2\/users\/1"}],"replies":[{"embeddable":true,"href":"https:\/\/jg-dortmund.de\/ru\/wp-json\/wp\/v2\/comments?post=1226"}],"version-history":[{"count":0,"href":"https:\/\/jg-dortmund.de\/ru\/wp-json\/wp\/v2\/posts\/1226\/revisions"}],"wp:featuredmedia":[{"embeddable":true,"href":"https:\/\/jg-dortmund.de\/ru\/wp-json\/wp\/v2\/media\/2294"}],"wp:attachment":[{"href":"https:\/\/jg-dortmund.de\/ru\/wp-json\/wp\/v2\/media?parent=1226"}],"wp:term":[{"taxonomy":"category","embeddable":true,"href":"https:\/\/jg-dortmund.de\/ru\/wp-json\/wp\/v2\/categories?post=1226"},{"taxonomy":"post_tag","embeddable":true,"href":"https:\/\/jg-dortmund.de\/ru\/wp-json\/wp\/v2\/tags?post=1226"}],"curies":[{"name":"wp","href":"https:\/\/api.w.org\/{rel}","templated":true}]}}