{"id":3794,"date":"2025-07-08T14:24:14","date_gmt":"2025-07-08T12:24:14","guid":{"rendered":"https:\/\/jg-dortmund.de\/?p=3794"},"modified":"2025-11-21T12:10:03","modified_gmt":"2025-11-21T11:10:03","slug":"stellenangebote-sozialabteilung","status":"publish","type":"post","link":"https:\/\/jg-dortmund.de\/de\/stellenangebote-sozialabteilung","title":{"rendered":"Sozialabteilung"},"content":{"rendered":"<a target=\"_blank\" href=\"https:\/\/jg-dortmund.de\/wp-content\/uploads\/2025\/07\/Dolmetscher-Stellenanzeige.pdf\">Dolmetscher-Stellenanzeige.pdf<\/a><\/p>\n<p><a href=\"https:\/\/jg-dortmund.de\/wp-content\/uploads\/2025\/07\/Dolmetscher-Stellenanzeige.jpg\" rel=\"lightbox[3794]\"><img loading=\"lazy\" decoding=\"async\" src=\"https:\/\/jg-dortmund.de\/wp-content\/uploads\/2025\/07\/Dolmetscher-Stellenanzeige-940x665.jpg\" alt=\"\" width=\"940\" height=\"665\" class=\"aligncenter size-large wp-image-3969\" srcset=\"https:\/\/jg-dortmund.de\/wp-content\/uploads\/2025\/07\/Dolmetscher-Stellenanzeige-940x665.jpg 940w, https:\/\/jg-dortmund.de\/wp-content\/uploads\/2025\/07\/Dolmetscher-Stellenanzeige-620x438.jpg 620w, https:\/\/jg-dortmund.de\/wp-content\/uploads\/2025\/07\/Dolmetscher-Stellenanzeige-300x212.jpg 300w, https:\/\/jg-dortmund.de\/wp-content\/uploads\/2025\/07\/Dolmetscher-Stellenanzeige-768x543.jpg 768w, https:\/\/jg-dortmund.de\/wp-content\/uploads\/2025\/07\/Dolmetscher-Stellenanzeige-1536x1086.jpg 1536w, https:\/\/jg-dortmund.de\/wp-content\/uploads\/2025\/07\/Dolmetscher-Stellenanzeige.jpg 1754w\" sizes=\"auto, (max-width: 940px) 100vw, 940px\" \/><\/a>","protected":false},"excerpt":{"rendered":"<p>Dolmetscher-Stellenanzeige.pdf<\/p>\n","protected":false},"author":1,"featured_media":2526,"comment_status":"closed","ping_status":"closed","sticky":false,"template":"","format":"standard","meta":{"ngg_post_thumbnail":0,"footnotes":""},"categories":[94],"tags":[],"class_list":["post-3794","post","type-post","status-publish","format-standard","has-post-thumbnail","hentry","category-stellenboerse"],"yoast_head":"<!-- This site is optimized with the Yoast SEO plugin v27.4 - https:\/\/yoast.com\/product\/yoast-seo-wordpress\/ -->\n<title>Sozialabteilung - JKGD<\/title>\n<meta name=\"robots\" content=\"index, follow, max-snippet:-1, max-image-preview:large, max-video-preview:-1\" \/>\n<link rel=\"canonical\" href=\"https:\/\/jg-dortmund.de\/stellenangebote-sozialabteilung\" \/>\n<meta property=\"og:locale\" content=\"de_DE\" \/>\n<meta property=\"og:type\" content=\"article\" \/>\n<meta property=\"og:title\" content=\"[:de]Sozialabteilung[:ru]\u0421\u043e\u0446\u0438\u0430\u043b\u044c\u043d\u044b\u0439 \u043e\u0442\u0434\u0435\u043b[:] - JKGD\" \/>\n<meta property=\"og:description\" content=\"Dolmetscher-Stellenanzeige.pdf\" \/>\n<meta property=\"og:url\" content=\"https:\/\/jg-dortmund.de\/stellenangebote-sozialabteilung\" \/>\n<meta property=\"og:site_name\" content=\"JKGD\" \/>\n<meta property=\"article:published_time\" content=\"2025-07-08T12:24:14+00:00\" \/>\n<meta property=\"article:modified_time\" content=\"2025-11-21T11:10:03+00:00\" \/>\n<meta property=\"og:image\" content=\"https:\/\/jg-dortmund.de\/wp-content\/uploads\/2017\/09\/sozialabteilung.jpg\" \/>\n\t<meta property=\"og:image:width\" content=\"270\" \/>\n\t<meta property=\"og:image:height\" content=\"213\" \/>\n\t<meta property=\"og:image:type\" content=\"image\/jpeg\" \/>\n<meta name=\"author\" content=\"admin\" \/>\n<meta name=\"twitter:card\" content=\"summary_large_image\" \/>\n<meta name=\"twitter:label1\" content=\"Verfasst von\" \/>\n\t<meta name=\"twitter:data1\" content=\"admin\" \/>\n\t<meta name=\"twitter:label2\" content=\"Gesch\u00e4tzte Lesezeit\" \/>\n\t<meta name=\"twitter:data2\" content=\"2\u00a0Minuten\" \/>\n<script type=\"application\/ld+json\" class=\"yoast-schema-graph\">{\"@context\":\"https:\\\/\\\/schema.org\",\"@graph\":[{\"@type\":\"Article\",\"@id\":\"https:\\\/\\\/jg-dortmund.de\\\/stellenangebote-sozialabteilung#article\",\"isPartOf\":{\"@id\":\"https:\\\/\\\/jg-dortmund.de\\\/stellenangebote-sozialabteilung\"},\"author\":{\"name\":\"admin\",\"@id\":\"https:\\\/\\\/jg-dortmund.de\\\/de\\\/#\\\/schema\\\/person\\\/c65f1ea80788350548f0d279e0ac207f\"},\"headline\":\"Sozialabteilung\",\"datePublished\":\"2025-07-08T12:24:14+00:00\",\"dateModified\":\"2025-11-21T11:10:03+00:00\",\"mainEntityOfPage\":{\"@id\":\"https:\\\/\\\/jg-dortmund.de\\\/stellenangebote-sozialabteilung\"},\"wordCount\":11,\"publisher\":{\"@id\":\"https:\\\/\\\/jg-dortmund.de\\\/de\\\/#organization\"},\"image\":{\"@id\":\"https:\\\/\\\/jg-dortmund.de\\\/stellenangebote-sozialabteilung#primaryimage\"},\"thumbnailUrl\":\"https:\\\/\\\/jg-dortmund.de\\\/wp-content\\\/uploads\\\/2017\\\/09\\\/sozialabteilung.jpg\",\"articleSection\":[\"Stellenb\u00f6rse\"],\"inLanguage\":\"de\"},{\"@type\":\"WebPage\",\"@id\":\"https:\\\/\\\/jg-dortmund.de\\\/stellenangebote-sozialabteilung\",\"url\":\"https:\\\/\\\/jg-dortmund.de\\\/stellenangebote-sozialabteilung\",\"name\":\"[:de]Sozialabteilung[:ru]\u0421\u043e\u0446\u0438\u0430\u043b\u044c\u043d\u044b\u0439 \u043e\u0442\u0434\u0435\u043b[:] - JKGD\",\"isPartOf\":{\"@id\":\"https:\\\/\\\/jg-dortmund.de\\\/de\\\/#website\"},\"primaryImageOfPage\":{\"@id\":\"https:\\\/\\\/jg-dortmund.de\\\/stellenangebote-sozialabteilung#primaryimage\"},\"image\":{\"@id\":\"https:\\\/\\\/jg-dortmund.de\\\/stellenangebote-sozialabteilung#primaryimage\"},\"thumbnailUrl\":\"https:\\\/\\\/jg-dortmund.de\\\/wp-content\\\/uploads\\\/2017\\\/09\\\/sozialabteilung.jpg\",\"datePublished\":\"2025-07-08T12:24:14+00:00\",\"dateModified\":\"2025-11-21T11:10:03+00:00\",\"breadcrumb\":{\"@id\":\"https:\\\/\\\/jg-dortmund.de\\\/stellenangebote-sozialabteilung#breadcrumb\"},\"inLanguage\":\"de\",\"potentialAction\":[{\"@type\":\"ReadAction\",\"target\":[\"https:\\\/\\\/jg-dortmund.de\\\/stellenangebote-sozialabteilung\"]}]},{\"@type\":\"ImageObject\",\"inLanguage\":\"de\",\"@id\":\"https:\\\/\\\/jg-dortmund.de\\\/stellenangebote-sozialabteilung#primaryimage\",\"url\":\"https:\\\/\\\/jg-dortmund.de\\\/wp-content\\\/uploads\\\/2017\\\/09\\\/sozialabteilung.jpg\",\"contentUrl\":\"https:\\\/\\\/jg-dortmund.de\\\/wp-content\\\/uploads\\\/2017\\\/09\\\/sozialabteilung.jpg\",\"width\":270,\"height\":213},{\"@type\":\"BreadcrumbList\",\"@id\":\"https:\\\/\\\/jg-dortmund.de\\\/stellenangebote-sozialabteilung#breadcrumb\",\"itemListElement\":[{\"@type\":\"ListItem\",\"position\":1,\"name\":\"Startseite\",\"item\":\"https:\\\/\\\/jg-dortmund.de\\\/\"},{\"@type\":\"ListItem\",\"position\":2,\"name\":\"Sozialabteilung\"}]},{\"@type\":\"WebSite\",\"@id\":\"https:\\\/\\\/jg-dortmund.de\\\/de\\\/#website\",\"url\":\"https:\\\/\\\/jg-dortmund.de\\\/de\\\/\",\"name\":\"JKGD\",\"description\":\"J\u00fcdische Kultusgemeinde Gro\u00df-Dortmund K.d.\u00f6.R\",\"publisher\":{\"@id\":\"https:\\\/\\\/jg-dortmund.de\\\/de\\\/#organization\"},\"potentialAction\":[{\"@type\":\"SearchAction\",\"target\":{\"@type\":\"EntryPoint\",\"urlTemplate\":\"https:\\\/\\\/jg-dortmund.de\\\/de\\\/?s={search_term_string}\"},\"query-input\":{\"@type\":\"PropertyValueSpecification\",\"valueRequired\":true,\"valueName\":\"search_term_string\"}}],\"inLanguage\":\"de\"},{\"@type\":\"Organization\",\"@id\":\"https:\\\/\\\/jg-dortmund.de\\\/de\\\/#organization\",\"name\":\"JKGD\",\"url\":\"https:\\\/\\\/jg-dortmund.de\\\/de\\\/\",\"logo\":{\"@type\":\"ImageObject\",\"inLanguage\":\"de\",\"@id\":\"https:\\\/\\\/jg-dortmund.de\\\/de\\\/#\\\/schema\\\/logo\\\/image\\\/\",\"url\":\"\",\"contentUrl\":\"\",\"caption\":\"JKGD\"},\"image\":{\"@id\":\"https:\\\/\\\/jg-dortmund.de\\\/de\\\/#\\\/schema\\\/logo\\\/image\\\/\"}},{\"@type\":\"Person\",\"@id\":\"https:\\\/\\\/jg-dortmund.de\\\/de\\\/#\\\/schema\\\/person\\\/c65f1ea80788350548f0d279e0ac207f\",\"name\":\"admin\",\"image\":{\"@type\":\"ImageObject\",\"inLanguage\":\"de\",\"@id\":\"https:\\\/\\\/secure.gravatar.com\\\/avatar\\\/6838aef6c938aac15a0240a18da2610e5889bf61c4c6dc2e415767708ce3be4e?s=96&d=mm&r=g\",\"url\":\"https:\\\/\\\/secure.gravatar.com\\\/avatar\\\/6838aef6c938aac15a0240a18da2610e5889bf61c4c6dc2e415767708ce3be4e?s=96&d=mm&r=g\",\"contentUrl\":\"https:\\\/\\\/secure.gravatar.com\\\/avatar\\\/6838aef6c938aac15a0240a18da2610e5889bf61c4c6dc2e415767708ce3be4e?s=96&d=mm&r=g\",\"caption\":\"admin\"},\"url\":\"https:\\\/\\\/jg-dortmund.de\\\/de\\\/author\\\/admin\"}]}<\/script>\n<!-- \/ Yoast SEO plugin. -->","yoast_head_json":{"title":"[:de]Sozialabteilung[:ru]\u0421\u043e\u0446\u0438\u0430\u043b\u044c\u043d\u044b\u0439 \u043e\u0442\u0434\u0435\u043b[:] - JKGD","robots":{"index":"index","follow":"follow","max-snippet":"max-snippet:-1","max-image-preview":"max-image-preview:large","max-video-preview":"max-video-preview:-1"},"canonical":"https:\/\/jg-dortmund.de\/stellenangebote-sozialabteilung","og_locale":"de_DE","og_type":"article","og_title":"[:de]Sozialabteilung[:ru]\u0421\u043e\u0446\u0438\u0430\u043b\u044c\u043d\u044b\u0439 \u043e\u0442\u0434\u0435\u043b[:] - JKGD","og_description":"Dolmetscher-Stellenanzeige.pdf","og_url":"https:\/\/jg-dortmund.de\/stellenangebote-sozialabteilung","og_site_name":"JKGD","article_published_time":"2025-07-08T12:24:14+00:00","article_modified_time":"2025-11-21T11:10:03+00:00","og_image":[{"width":270,"height":213,"url":"https:\/\/jg-dortmund.de\/wp-content\/uploads\/2017\/09\/sozialabteilung.jpg","type":"image\/jpeg"}],"author":"admin","twitter_card":"summary_large_image","twitter_misc":{"Verfasst von":"admin","Gesch\u00e4tzte Lesezeit":"2\u00a0Minuten"},"schema":{"@context":"https:\/\/schema.org","@graph":[{"@type":"Article","@id":"https:\/\/jg-dortmund.de\/stellenangebote-sozialabteilung#article","isPartOf":{"@id":"https:\/\/jg-dortmund.de\/stellenangebote-sozialabteilung"},"author":{"name":"admin","@id":"https:\/\/jg-dortmund.de\/de\/#\/schema\/person\/c65f1ea80788350548f0d279e0ac207f"},"headline":"Sozialabteilung","datePublished":"2025-07-08T12:24:14+00:00","dateModified":"2025-11-21T11:10:03+00:00","mainEntityOfPage":{"@id":"https:\/\/jg-dortmund.de\/stellenangebote-sozialabteilung"},"wordCount":11,"publisher":{"@id":"https:\/\/jg-dortmund.de\/de\/#organization"},"image":{"@id":"https:\/\/jg-dortmund.de\/stellenangebote-sozialabteilung#primaryimage"},"thumbnailUrl":"https:\/\/jg-dortmund.de\/wp-content\/uploads\/2017\/09\/sozialabteilung.jpg","articleSection":["Stellenb\u00f6rse"],"inLanguage":"de"},{"@type":"WebPage","@id":"https:\/\/jg-dortmund.de\/stellenangebote-sozialabteilung","url":"https:\/\/jg-dortmund.de\/stellenangebote-sozialabteilung","name":"[:de]Sozialabteilung[:ru]\u0421\u043e\u0446\u0438\u0430\u043b\u044c\u043d\u044b\u0439 \u043e\u0442\u0434\u0435\u043b[:] - JKGD","isPartOf":{"@id":"https:\/\/jg-dortmund.de\/de\/#website"},"primaryImageOfPage":{"@id":"https:\/\/jg-dortmund.de\/stellenangebote-sozialabteilung#primaryimage"},"image":{"@id":"https:\/\/jg-dortmund.de\/stellenangebote-sozialabteilung#primaryimage"},"thumbnailUrl":"https:\/\/jg-dortmund.de\/wp-content\/uploads\/2017\/09\/sozialabteilung.jpg","datePublished":"2025-07-08T12:24:14+00:00","dateModified":"2025-11-21T11:10:03+00:00","breadcrumb":{"@id":"https:\/\/jg-dortmund.de\/stellenangebote-sozialabteilung#breadcrumb"},"inLanguage":"de","potentialAction":[{"@type":"ReadAction","target":["https:\/\/jg-dortmund.de\/stellenangebote-sozialabteilung"]}]},{"@type":"ImageObject","inLanguage":"de","@id":"https:\/\/jg-dortmund.de\/stellenangebote-sozialabteilung#primaryimage","url":"https:\/\/jg-dortmund.de\/wp-content\/uploads\/2017\/09\/sozialabteilung.jpg","contentUrl":"https:\/\/jg-dortmund.de\/wp-content\/uploads\/2017\/09\/sozialabteilung.jpg","width":270,"height":213},{"@type":"BreadcrumbList","@id":"https:\/\/jg-dortmund.de\/stellenangebote-sozialabteilung#breadcrumb","itemListElement":[{"@type":"ListItem","position":1,"name":"Startseite","item":"https:\/\/jg-dortmund.de\/"},{"@type":"ListItem","position":2,"name":"Sozialabteilung"}]},{"@type":"WebSite","@id":"https:\/\/jg-dortmund.de\/de\/#website","url":"https:\/\/jg-dortmund.de\/de\/","name":"JKGD","description":"J\u00fcdische Kultusgemeinde Gro\u00df-Dortmund K.d.\u00f6.R","publisher":{"@id":"https:\/\/jg-dortmund.de\/de\/#organization"},"potentialAction":[{"@type":"SearchAction","target":{"@type":"EntryPoint","urlTemplate":"https:\/\/jg-dortmund.de\/de\/?s={search_term_string}"},"query-input":{"@type":"PropertyValueSpecification","valueRequired":true,"valueName":"search_term_string"}}],"inLanguage":"de"},{"@type":"Organization","@id":"https:\/\/jg-dortmund.de\/de\/#organization","name":"JKGD","url":"https:\/\/jg-dortmund.de\/de\/","logo":{"@type":"ImageObject","inLanguage":"de","@id":"https:\/\/jg-dortmund.de\/de\/#\/schema\/logo\/image\/","url":"","contentUrl":"","caption":"JKGD"},"image":{"@id":"https:\/\/jg-dortmund.de\/de\/#\/schema\/logo\/image\/"}},{"@type":"Person","@id":"https:\/\/jg-dortmund.de\/de\/#\/schema\/person\/c65f1ea80788350548f0d279e0ac207f","name":"admin","image":{"@type":"ImageObject","inLanguage":"de","@id":"https:\/\/secure.gravatar.com\/avatar\/6838aef6c938aac15a0240a18da2610e5889bf61c4c6dc2e415767708ce3be4e?s=96&d=mm&r=g","url":"https:\/\/secure.gravatar.com\/avatar\/6838aef6c938aac15a0240a18da2610e5889bf61c4c6dc2e415767708ce3be4e?s=96&d=mm&r=g","contentUrl":"https:\/\/secure.gravatar.com\/avatar\/6838aef6c938aac15a0240a18da2610e5889bf61c4c6dc2e415767708ce3be4e?s=96&d=mm&r=g","caption":"admin"},"url":"https:\/\/jg-dortmund.de\/de\/author\/admin"}]}},"_links":{"self":[{"href":"https:\/\/jg-dortmund.de\/de\/wp-json\/wp\/v2\/posts\/3794","targetHints":{"allow":["GET"]}}],"collection":[{"href":"https:\/\/jg-dortmund.de\/de\/wp-json\/wp\/v2\/posts"}],"about":[{"href":"https:\/\/jg-dortmund.de\/de\/wp-json\/wp\/v2\/types\/post"}],"author":[{"embeddable":true,"href":"https:\/\/jg-dortmund.de\/de\/wp-json\/wp\/v2\/users\/1"}],"replies":[{"embeddable":true,"href":"https:\/\/jg-dortmund.de\/de\/wp-json\/wp\/v2\/comments?post=3794"}],"version-history":[{"count":12,"href":"https:\/\/jg-dortmund.de\/de\/wp-json\/wp\/v2\/posts\/3794\/revisions"}],"predecessor-version":[{"id":3971,"href":"https:\/\/jg-dortmund.de\/de\/wp-json\/wp\/v2\/posts\/3794\/revisions\/3971"}],"wp:featuredmedia":[{"embeddable":true,"href":"https:\/\/jg-dortmund.de\/de\/wp-json\/wp\/v2\/media\/2526"}],"wp:attachment":[{"href":"https:\/\/jg-dortmund.de\/de\/wp-json\/wp\/v2\/media?parent=3794"}],"wp:term":[{"taxonomy":"category","embeddable":true,"href":"https:\/\/jg-dortmund.de\/de\/wp-json\/wp\/v2\/categories?post=3794"},{"taxonomy":"post_tag","embeddable":true,"href":"https:\/\/jg-dortmund.de\/de\/wp-json\/wp\/v2\/tags?post=3794"}],"curies":[{"name":"wp","href":"https:\/\/api.w.org\/{rel}","templated":true}]}}