{"id":1267,"date":"2017-09-01T00:16:45","date_gmt":"2017-09-01T00:16:45","guid":{"rendered":"http:\/\/jg-dortmund.de\/?p=1267"},"modified":"2022-02-08T13:00:03","modified_gmt":"2022-02-08T12:00:03","slug":"religionsschule","status":"publish","type":"post","link":"https:\/\/jg-dortmund.de\/de\/religionsschule","title":{"rendered":"J\u00fcdische Religionslehre"},"content":{"rendered":"In Nordrhein-Westfalen gibt es seit den 1990er Jahren J\u00fcdische Religionslehre als ordentliches Unterrichtsfach und staatlich anerkannte Lehrpl\u00e4ne. In St\u00e4dten mit kleinen bzw. mittelgro\u00dfen j\u00fcdischen Gemeinden, in denen es keine eigenen j\u00fcdischen Schulen gibt, wird der Unterricht in der Regel von einer Korrespondenzschule in Zusammenarbeit mit der jeweiligen Gemeinde bzw. dem Landesverband der J\u00fcdischen Gemeinden von Westfalen-Lippe zentral f\u00fcr Sch\u00fclerinnen und Sch\u00fcler eingerichtet. In Dortmund ist das Stadtgymnasium die zust\u00e4ndige Korrespondenzschule. Das Fach J\u00fcdische Religionslehre unterliegt als \u00f6ffentliches Schulfach der staatlichen Kontrolle. Die Leistungen werden benotet und in den Schulzeugnissen der Sch\u00fclerinnen und Sch\u00fcler als versetzungsrelevantes Nebenfach - dem christlichen Religionsunterricht gleichgestellt - eingetragen.<\/p>\n<p>Die Sch\u00fclerinnen und Sch\u00fcler haben auch die M\u00f6glichkeit, J\u00fcdische Religionslehre als drittes oder viertes Abiturfach zu w\u00e4hlen. N\u00e4here Informationen zum staatlich anerkannten j\u00fcdischen Religionsunterricht k\u00f6nnen Sie im Bildungsportal des Ministeriums f\u00fcr Schule und Bildung des Landes Nordrhein-Westfalen erhalten.<\/p>\n<p>Kontakt und Anmeldung:<br \/>\n<strong>Rosa Rappoport<\/strong><br \/>\nKoordinatorin des Landesverbandes der&nbsp;J\u00fcdischen Gemeinden von Westfalen-Lippe<br \/>\nE-Mail: <a href=\"mailto:r.rappoport@lvjgwl.de\">r.rappoport@lvjgwl.de<\/a>","protected":false},"excerpt":{"rendered":"<p>In Nordrhein-Westfalen gibt es seit den 1990er Jahren J\u00fcdische Religionslehre als ordentliches Unterrichtsfach und staatlich anerkannte Lehrpl\u00e4ne. In St\u00e4dten mit kleinen bzw. mittelgro\u00dfen j\u00fcdischen Gemeinden, in denen es keine eigenen j\u00fcdischen Schulen gibt, wird&#46;&#46;&#46;<\/p>\n","protected":false},"author":1,"featured_media":2306,"comment_status":"closed","ping_status":"closed","sticky":false,"template":"","format":"standard","meta":{"ngg_post_thumbnail":0,"footnotes":""},"categories":[85],"tags":[],"class_list":["post-1267","post","type-post","status-publish","format-standard","has-post-thumbnail","hentry","category-kinder-jugend"],"yoast_head":"<!-- This site is optimized with the Yoast SEO plugin v27.4 - https:\/\/yoast.com\/product\/yoast-seo-wordpress\/ -->\n<title>J\u00fcdische Religionslehre - JKGD<\/title>\n<meta name=\"robots\" content=\"index, follow, max-snippet:-1, max-image-preview:large, max-video-preview:-1\" \/>\n<link rel=\"canonical\" href=\"https:\/\/jg-dortmund.de\/de\/religionsschule\" \/>\n<meta property=\"og:locale\" content=\"de_DE\" \/>\n<meta property=\"og:type\" content=\"article\" \/>\n<meta property=\"og:title\" content=\"[:de]J\u00fcdische Religionslehre[:ru]\u0423\u0440\u043e\u043a\u0438 \u0435\u0432\u0440\u0435\u0439\u0441\u043a\u043e\u0439 \u0440\u0435\u043b\u0438\u0433\u0438\u0438[:] - JKGD\" \/>\n<meta property=\"og:description\" content=\"In Nordrhein-Westfalen gibt es seit den 1990er Jahren J\u00fcdische Religionslehre als ordentliches Unterrichtsfach und staatlich anerkannte Lehrpl\u00e4ne. In St\u00e4dten mit kleinen bzw. mittelgro\u00dfen j\u00fcdischen Gemeinden, in denen es keine eigenen j\u00fcdischen Schulen gibt, wird&#046;&#046;&#046;\" \/>\n<meta property=\"og:url\" content=\"https:\/\/jg-dortmund.de\/de\/religionsschule\" \/>\n<meta property=\"og:site_name\" content=\"JKGD\" \/>\n<meta property=\"article:published_time\" content=\"2017-09-01T00:16:45+00:00\" \/>\n<meta property=\"article:modified_time\" content=\"2022-02-08T12:00:03+00:00\" \/>\n<meta property=\"og:image\" content=\"https:\/\/jg-dortmund.de\/wp-content\/uploads\/2017\/09\/JuedischeReligionslehreBB.jpg\" \/>\n\t<meta property=\"og:image:width\" content=\"1125\" \/>\n\t<meta property=\"og:image:height\" content=\"888\" \/>\n\t<meta property=\"og:image:type\" content=\"image\/jpeg\" \/>\n<meta name=\"author\" content=\"admin\" \/>\n<meta name=\"twitter:card\" content=\"summary_large_image\" \/>\n<meta name=\"twitter:label1\" content=\"Verfasst von\" \/>\n\t<meta name=\"twitter:data1\" content=\"admin\" \/>\n\t<meta name=\"twitter:label2\" content=\"Gesch\u00e4tzte Lesezeit\" \/>\n\t<meta name=\"twitter:data2\" content=\"1\u00a0Minute\" \/>\n<script type=\"application\/ld+json\" class=\"yoast-schema-graph\">{\"@context\":\"https:\\\/\\\/schema.org\",\"@graph\":[{\"@type\":\"Article\",\"@id\":\"https:\\\/\\\/jg-dortmund.de\\\/de\\\/religionsschule#article\",\"isPartOf\":{\"@id\":\"https:\\\/\\\/jg-dortmund.de\\\/de\\\/religionsschule\"},\"author\":{\"name\":\"admin\",\"@id\":\"https:\\\/\\\/jg-dortmund.de\\\/de\\\/#\\\/schema\\\/person\\\/c65f1ea80788350548f0d279e0ac207f\"},\"headline\":\"J\u00fcdische Religionslehre\",\"datePublished\":\"2017-09-01T00:16:45+00:00\",\"dateModified\":\"2022-02-08T12:00:03+00:00\",\"mainEntityOfPage\":{\"@id\":\"https:\\\/\\\/jg-dortmund.de\\\/de\\\/religionsschule\"},\"wordCount\":343,\"publisher\":{\"@id\":\"https:\\\/\\\/jg-dortmund.de\\\/de\\\/#organization\"},\"image\":{\"@id\":\"https:\\\/\\\/jg-dortmund.de\\\/de\\\/religionsschule#primaryimage\"},\"thumbnailUrl\":\"https:\\\/\\\/jg-dortmund.de\\\/wp-content\\\/uploads\\\/2017\\\/09\\\/JuedischeReligionslehreBB.jpg\",\"articleSection\":[\"Kinder &amp; Jugend\"],\"inLanguage\":\"de\"},{\"@type\":\"WebPage\",\"@id\":\"https:\\\/\\\/jg-dortmund.de\\\/de\\\/religionsschule\",\"url\":\"https:\\\/\\\/jg-dortmund.de\\\/de\\\/religionsschule\",\"name\":\"[:de]J\u00fcdische Religionslehre[:ru]\u0423\u0440\u043e\u043a\u0438 \u0435\u0432\u0440\u0435\u0439\u0441\u043a\u043e\u0439 \u0440\u0435\u043b\u0438\u0433\u0438\u0438[:] - JKGD\",\"isPartOf\":{\"@id\":\"https:\\\/\\\/jg-dortmund.de\\\/de\\\/#website\"},\"primaryImageOfPage\":{\"@id\":\"https:\\\/\\\/jg-dortmund.de\\\/de\\\/religionsschule#primaryimage\"},\"image\":{\"@id\":\"https:\\\/\\\/jg-dortmund.de\\\/de\\\/religionsschule#primaryimage\"},\"thumbnailUrl\":\"https:\\\/\\\/jg-dortmund.de\\\/wp-content\\\/uploads\\\/2017\\\/09\\\/JuedischeReligionslehreBB.jpg\",\"datePublished\":\"2017-09-01T00:16:45+00:00\",\"dateModified\":\"2022-02-08T12:00:03+00:00\",\"breadcrumb\":{\"@id\":\"https:\\\/\\\/jg-dortmund.de\\\/de\\\/religionsschule#breadcrumb\"},\"inLanguage\":\"de\",\"potentialAction\":[{\"@type\":\"ReadAction\",\"target\":[\"https:\\\/\\\/jg-dortmund.de\\\/de\\\/religionsschule\"]}]},{\"@type\":\"ImageObject\",\"inLanguage\":\"de\",\"@id\":\"https:\\\/\\\/jg-dortmund.de\\\/de\\\/religionsschule#primaryimage\",\"url\":\"https:\\\/\\\/jg-dortmund.de\\\/wp-content\\\/uploads\\\/2017\\\/09\\\/JuedischeReligionslehreBB.jpg\",\"contentUrl\":\"https:\\\/\\\/jg-dortmund.de\\\/wp-content\\\/uploads\\\/2017\\\/09\\\/JuedischeReligionslehreBB.jpg\",\"width\":1125,\"height\":888},{\"@type\":\"BreadcrumbList\",\"@id\":\"https:\\\/\\\/jg-dortmund.de\\\/de\\\/religionsschule#breadcrumb\",\"itemListElement\":[{\"@type\":\"ListItem\",\"position\":1,\"name\":\"Startseite\",\"item\":\"https:\\\/\\\/jg-dortmund.de\\\/\"},{\"@type\":\"ListItem\",\"position\":2,\"name\":\"J\u00fcdische Religionslehre\"}]},{\"@type\":\"WebSite\",\"@id\":\"https:\\\/\\\/jg-dortmund.de\\\/de\\\/#website\",\"url\":\"https:\\\/\\\/jg-dortmund.de\\\/de\\\/\",\"name\":\"JKGD\",\"description\":\"J\u00fcdische Kultusgemeinde Gro\u00df-Dortmund K.d.\u00f6.R\",\"publisher\":{\"@id\":\"https:\\\/\\\/jg-dortmund.de\\\/de\\\/#organization\"},\"potentialAction\":[{\"@type\":\"SearchAction\",\"target\":{\"@type\":\"EntryPoint\",\"urlTemplate\":\"https:\\\/\\\/jg-dortmund.de\\\/de\\\/?s={search_term_string}\"},\"query-input\":{\"@type\":\"PropertyValueSpecification\",\"valueRequired\":true,\"valueName\":\"search_term_string\"}}],\"inLanguage\":\"de\"},{\"@type\":\"Organization\",\"@id\":\"https:\\\/\\\/jg-dortmund.de\\\/de\\\/#organization\",\"name\":\"JKGD\",\"url\":\"https:\\\/\\\/jg-dortmund.de\\\/de\\\/\",\"logo\":{\"@type\":\"ImageObject\",\"inLanguage\":\"de\",\"@id\":\"https:\\\/\\\/jg-dortmund.de\\\/de\\\/#\\\/schema\\\/logo\\\/image\\\/\",\"url\":\"\",\"contentUrl\":\"\",\"caption\":\"JKGD\"},\"image\":{\"@id\":\"https:\\\/\\\/jg-dortmund.de\\\/de\\\/#\\\/schema\\\/logo\\\/image\\\/\"}},{\"@type\":\"Person\",\"@id\":\"https:\\\/\\\/jg-dortmund.de\\\/de\\\/#\\\/schema\\\/person\\\/c65f1ea80788350548f0d279e0ac207f\",\"name\":\"admin\",\"image\":{\"@type\":\"ImageObject\",\"inLanguage\":\"de\",\"@id\":\"https:\\\/\\\/secure.gravatar.com\\\/avatar\\\/6838aef6c938aac15a0240a18da2610e5889bf61c4c6dc2e415767708ce3be4e?s=96&d=mm&r=g\",\"url\":\"https:\\\/\\\/secure.gravatar.com\\\/avatar\\\/6838aef6c938aac15a0240a18da2610e5889bf61c4c6dc2e415767708ce3be4e?s=96&d=mm&r=g\",\"contentUrl\":\"https:\\\/\\\/secure.gravatar.com\\\/avatar\\\/6838aef6c938aac15a0240a18da2610e5889bf61c4c6dc2e415767708ce3be4e?s=96&d=mm&r=g\",\"caption\":\"admin\"},\"url\":\"https:\\\/\\\/jg-dortmund.de\\\/de\\\/author\\\/admin\"}]}<\/script>\n<!-- \/ Yoast SEO plugin. -->","yoast_head_json":{"title":"[:de]J\u00fcdische Religionslehre[:ru]\u0423\u0440\u043e\u043a\u0438 \u0435\u0432\u0440\u0435\u0439\u0441\u043a\u043e\u0439 \u0440\u0435\u043b\u0438\u0433\u0438\u0438[:] - JKGD","robots":{"index":"index","follow":"follow","max-snippet":"max-snippet:-1","max-image-preview":"max-image-preview:large","max-video-preview":"max-video-preview:-1"},"canonical":"https:\/\/jg-dortmund.de\/de\/religionsschule","og_locale":"de_DE","og_type":"article","og_title":"[:de]J\u00fcdische Religionslehre[:ru]\u0423\u0440\u043e\u043a\u0438 \u0435\u0432\u0440\u0435\u0439\u0441\u043a\u043e\u0439 \u0440\u0435\u043b\u0438\u0433\u0438\u0438[:] - JKGD","og_description":"In Nordrhein-Westfalen gibt es seit den 1990er Jahren J\u00fcdische Religionslehre als ordentliches Unterrichtsfach und staatlich anerkannte Lehrpl\u00e4ne. In St\u00e4dten mit kleinen bzw. mittelgro\u00dfen j\u00fcdischen Gemeinden, in denen es keine eigenen j\u00fcdischen Schulen gibt, wird&#46;&#46;&#46;","og_url":"https:\/\/jg-dortmund.de\/de\/religionsschule","og_site_name":"JKGD","article_published_time":"2017-09-01T00:16:45+00:00","article_modified_time":"2022-02-08T12:00:03+00:00","og_image":[{"width":1125,"height":888,"url":"https:\/\/jg-dortmund.de\/wp-content\/uploads\/2017\/09\/JuedischeReligionslehreBB.jpg","type":"image\/jpeg"}],"author":"admin","twitter_card":"summary_large_image","twitter_misc":{"Verfasst von":"admin","Gesch\u00e4tzte Lesezeit":"1\u00a0Minute"},"schema":{"@context":"https:\/\/schema.org","@graph":[{"@type":"Article","@id":"https:\/\/jg-dortmund.de\/de\/religionsschule#article","isPartOf":{"@id":"https:\/\/jg-dortmund.de\/de\/religionsschule"},"author":{"name":"admin","@id":"https:\/\/jg-dortmund.de\/de\/#\/schema\/person\/c65f1ea80788350548f0d279e0ac207f"},"headline":"J\u00fcdische Religionslehre","datePublished":"2017-09-01T00:16:45+00:00","dateModified":"2022-02-08T12:00:03+00:00","mainEntityOfPage":{"@id":"https:\/\/jg-dortmund.de\/de\/religionsschule"},"wordCount":343,"publisher":{"@id":"https:\/\/jg-dortmund.de\/de\/#organization"},"image":{"@id":"https:\/\/jg-dortmund.de\/de\/religionsschule#primaryimage"},"thumbnailUrl":"https:\/\/jg-dortmund.de\/wp-content\/uploads\/2017\/09\/JuedischeReligionslehreBB.jpg","articleSection":["Kinder &amp; Jugend"],"inLanguage":"de"},{"@type":"WebPage","@id":"https:\/\/jg-dortmund.de\/de\/religionsschule","url":"https:\/\/jg-dortmund.de\/de\/religionsschule","name":"[:de]J\u00fcdische Religionslehre[:ru]\u0423\u0440\u043e\u043a\u0438 \u0435\u0432\u0440\u0435\u0439\u0441\u043a\u043e\u0439 \u0440\u0435\u043b\u0438\u0433\u0438\u0438[:] - JKGD","isPartOf":{"@id":"https:\/\/jg-dortmund.de\/de\/#website"},"primaryImageOfPage":{"@id":"https:\/\/jg-dortmund.de\/de\/religionsschule#primaryimage"},"image":{"@id":"https:\/\/jg-dortmund.de\/de\/religionsschule#primaryimage"},"thumbnailUrl":"https:\/\/jg-dortmund.de\/wp-content\/uploads\/2017\/09\/JuedischeReligionslehreBB.jpg","datePublished":"2017-09-01T00:16:45+00:00","dateModified":"2022-02-08T12:00:03+00:00","breadcrumb":{"@id":"https:\/\/jg-dortmund.de\/de\/religionsschule#breadcrumb"},"inLanguage":"de","potentialAction":[{"@type":"ReadAction","target":["https:\/\/jg-dortmund.de\/de\/religionsschule"]}]},{"@type":"ImageObject","inLanguage":"de","@id":"https:\/\/jg-dortmund.de\/de\/religionsschule#primaryimage","url":"https:\/\/jg-dortmund.de\/wp-content\/uploads\/2017\/09\/JuedischeReligionslehreBB.jpg","contentUrl":"https:\/\/jg-dortmund.de\/wp-content\/uploads\/2017\/09\/JuedischeReligionslehreBB.jpg","width":1125,"height":888},{"@type":"BreadcrumbList","@id":"https:\/\/jg-dortmund.de\/de\/religionsschule#breadcrumb","itemListElement":[{"@type":"ListItem","position":1,"name":"Startseite","item":"https:\/\/jg-dortmund.de\/"},{"@type":"ListItem","position":2,"name":"J\u00fcdische Religionslehre"}]},{"@type":"WebSite","@id":"https:\/\/jg-dortmund.de\/de\/#website","url":"https:\/\/jg-dortmund.de\/de\/","name":"JKGD","description":"J\u00fcdische Kultusgemeinde Gro\u00df-Dortmund K.d.\u00f6.R","publisher":{"@id":"https:\/\/jg-dortmund.de\/de\/#organization"},"potentialAction":[{"@type":"SearchAction","target":{"@type":"EntryPoint","urlTemplate":"https:\/\/jg-dortmund.de\/de\/?s={search_term_string}"},"query-input":{"@type":"PropertyValueSpecification","valueRequired":true,"valueName":"search_term_string"}}],"inLanguage":"de"},{"@type":"Organization","@id":"https:\/\/jg-dortmund.de\/de\/#organization","name":"JKGD","url":"https:\/\/jg-dortmund.de\/de\/","logo":{"@type":"ImageObject","inLanguage":"de","@id":"https:\/\/jg-dortmund.de\/de\/#\/schema\/logo\/image\/","url":"","contentUrl":"","caption":"JKGD"},"image":{"@id":"https:\/\/jg-dortmund.de\/de\/#\/schema\/logo\/image\/"}},{"@type":"Person","@id":"https:\/\/jg-dortmund.de\/de\/#\/schema\/person\/c65f1ea80788350548f0d279e0ac207f","name":"admin","image":{"@type":"ImageObject","inLanguage":"de","@id":"https:\/\/secure.gravatar.com\/avatar\/6838aef6c938aac15a0240a18da2610e5889bf61c4c6dc2e415767708ce3be4e?s=96&d=mm&r=g","url":"https:\/\/secure.gravatar.com\/avatar\/6838aef6c938aac15a0240a18da2610e5889bf61c4c6dc2e415767708ce3be4e?s=96&d=mm&r=g","contentUrl":"https:\/\/secure.gravatar.com\/avatar\/6838aef6c938aac15a0240a18da2610e5889bf61c4c6dc2e415767708ce3be4e?s=96&d=mm&r=g","caption":"admin"},"url":"https:\/\/jg-dortmund.de\/de\/author\/admin"}]}},"_links":{"self":[{"href":"https:\/\/jg-dortmund.de\/de\/wp-json\/wp\/v2\/posts\/1267","targetHints":{"allow":["GET"]}}],"collection":[{"href":"https:\/\/jg-dortmund.de\/de\/wp-json\/wp\/v2\/posts"}],"about":[{"href":"https:\/\/jg-dortmund.de\/de\/wp-json\/wp\/v2\/types\/post"}],"author":[{"embeddable":true,"href":"https:\/\/jg-dortmund.de\/de\/wp-json\/wp\/v2\/users\/1"}],"replies":[{"embeddable":true,"href":"https:\/\/jg-dortmund.de\/de\/wp-json\/wp\/v2\/comments?post=1267"}],"version-history":[{"count":0,"href":"https:\/\/jg-dortmund.de\/de\/wp-json\/wp\/v2\/posts\/1267\/revisions"}],"wp:featuredmedia":[{"embeddable":true,"href":"https:\/\/jg-dortmund.de\/de\/wp-json\/wp\/v2\/media\/2306"}],"wp:attachment":[{"href":"https:\/\/jg-dortmund.de\/de\/wp-json\/wp\/v2\/media?parent=1267"}],"wp:term":[{"taxonomy":"category","embeddable":true,"href":"https:\/\/jg-dortmund.de\/de\/wp-json\/wp\/v2\/categories?post=1267"},{"taxonomy":"post_tag","embeddable":true,"href":"https:\/\/jg-dortmund.de\/de\/wp-json\/wp\/v2\/tags?post=1267"}],"curies":[{"name":"wp","href":"https:\/\/api.w.org\/{rel}","templated":true}]}}